{"id":538,"date":"2023-06-20T12:43:42","date_gmt":"2023-06-20T12:43:42","guid":{"rendered":"https:\/\/streetmissile.com\/?p=538"},"modified":"2023-06-20T12:43:42","modified_gmt":"2023-06-20T12:43:42","slug":"dani-pedrosa-vuelve-a-la-accion-otra-oportunidad-en-motogp-2023-con-ktm-en-misano","status":"publish","type":"post","link":"https:\/\/streetmissile.com\/en\/noticias\/dani-pedrosa-vuelve-a-la-accion-otra-oportunidad-en-motogp-2023-con-ktm-en-misano\/","title":{"rendered":"Dani Pedrosa vuelve a la acci\u00f3n: Otra oportunidad en MotoGP 2023 con KTM en Misano"},"content":{"rendered":"<p>Despu\u00e9s de su impresionante actuaci\u00f3n como wild card en el Gran Premio de Espa\u00f1a, Dani Pedrosa est\u00e1 de regreso en MotoGP. KTM ha confirmado que el tricampe\u00f3n del mundo competir\u00e1 nuevamente como invitado en el Gran Premio de San Marino en Misano. Ser\u00e1 su tercer gran premio con la marca austriaca, despu\u00e9s de una larga trayectoria con Honda.<\/p>\n\n\n\n<figure class=\"wp-block-image size-full\"><a href=\"http:\/\/streetmissile.com\/wp-content\/uploads\/2023\/06\/Dani-Pedrosa-vuelve-Circuito-Jerez_1729937468_168380237_667x375.jpg\"><img loading=\"lazy\" decoding=\"async\" width=\"667\" height=\"375\" src=\"http:\/\/streetmissile.com\/wp-content\/uploads\/2023\/06\/Dani-Pedrosa-vuelve-Circuito-Jerez_1729937468_168380237_667x375.jpg\" alt=\"\" class=\"wp-image-540\" srcset=\"https:\/\/streetmissile.com\/wp-content\/uploads\/2023\/06\/Dani-Pedrosa-vuelve-Circuito-Jerez_1729937468_168380237_667x375.jpg 667w, https:\/\/streetmissile.com\/wp-content\/uploads\/2023\/06\/Dani-Pedrosa-vuelve-Circuito-Jerez_1729937468_168380237_667x375-600x337.jpg 600w, https:\/\/streetmissile.com\/wp-content\/uploads\/2023\/06\/Dani-Pedrosa-vuelve-Circuito-Jerez_1729937468_168380237_667x375-300x169.jpg 300w\" sizes=\"auto, (max-width: 667px) 100vw, 667px\" \/><\/a><\/figure>\n\n\n\n<p>Desde su retirada en 2018, Pedrosa se uni\u00f3 a KTM como probador y ha demostrado su habilidad en el regreso a las carreras. En su \u00faltima aparici\u00f3n en Jerez, lider\u00f3 el primer entrenamiento y termin\u00f3 en s\u00e9ptima posici\u00f3n en la carrera. Ahora, Pedrosa se prepara para enfrentar el desaf\u00edo de Misano, donde ha logrado dos victorias y cuatro podios en el pasado.<\/p>\n\n\n\n<p>El piloto espa\u00f1ol estar\u00e1 no solo en el Gran Premio de San Marino, sino tambi\u00e9n en el test oficial que se llevar\u00e1 a cabo en el circuito despu\u00e9s de la carrera. Su experiencia y conocimiento ser\u00e1n valiosos para seguir mejorando la RC16 de KTM, que est\u00e1 emergiendo como una fuerte alternativa al dominio de Ducati en MotoGP.<\/p>\n\n\n\n<figure class=\"wp-block-image size-full\"><a href=\"http:\/\/streetmissile.com\/wp-content\/uploads\/2023\/06\/dani-pedrosa-red-bull-ktm-fact.jpg\"><img loading=\"lazy\" decoding=\"async\" width=\"1000\" height=\"667\" src=\"http:\/\/streetmissile.com\/wp-content\/uploads\/2023\/06\/dani-pedrosa-red-bull-ktm-fact.jpg\" alt=\"\" class=\"wp-image-541\" srcset=\"https:\/\/streetmissile.com\/wp-content\/uploads\/2023\/06\/dani-pedrosa-red-bull-ktm-fact.jpg 1000w, https:\/\/streetmissile.com\/wp-content\/uploads\/2023\/06\/dani-pedrosa-red-bull-ktm-fact-600x400.jpg 600w, https:\/\/streetmissile.com\/wp-content\/uploads\/2023\/06\/dani-pedrosa-red-bull-ktm-fact-300x200.jpg 300w, https:\/\/streetmissile.com\/wp-content\/uploads\/2023\/06\/dani-pedrosa-red-bull-ktm-fact-768x512.jpg 768w\" sizes=\"auto, (max-width: 1000px) 100vw, 1000px\" \/><\/a><\/figure>\n\n\n\n<p>La emoci\u00f3n est\u00e1 en aumento mientras los fan\u00e1ticos esperan ver a Pedrosa nuevamente en acci\u00f3n. Su presencia en la parrilla a\u00f1ade un aliciente adicional a la competencia y muestra que su pasi\u00f3n por las carreras sigue intacta. Todos los ojos estar\u00e1n puestos en \u00e9l en Misano, esperando otra actuaci\u00f3n impresionante del talentoso piloto espa\u00f1ol.<\/p>\n\n\n\n<p><\/p>","protected":false},"excerpt":{"rendered":"<p>Despu\u00e9s de su impresionante actuaci\u00f3n como wild card en el Gran Premio de Espa\u00f1a, Dani Pedrosa est\u00e1 de regreso en MotoGP. KTM ha confirmado que el tricampe\u00f3n del mundo competir\u00e1 nuevamente como invitado en el Gran Premio de San Marino en Misano. Ser\u00e1 su tercer gran premio con la marca [&hellip;]<\/p>\n","protected":false},"author":1,"featured_media":539,"comment_status":"open","ping_status":"open","sticky":false,"template":"","format":"standard","meta":{"om_disable_all_campaigns":false,"_monsterinsights_skip_tracking":false,"_monsterinsights_sitenote_active":false,"_monsterinsights_sitenote_note":"","_monsterinsights_sitenote_category":0,"_themeisle_gutenberg_block_has_review":false,"footnotes":""},"categories":[51,5],"tags":[22,57,12,45,32,4,29],"class_list":["post-538","post","type-post","status-publish","format-standard","has-post-thumbnail","hentry","category-moto-gp","category-noticias","tag-22","tag-dani-pedrosa","tag-ktm","tag-moto-gp","tag-motociclismo","tag-motos","tag-super-bike"],"aioseo_notices":[],"_links":{"self":[{"href":"https:\/\/streetmissile.com\/en\/wp-json\/wp\/v2\/posts\/538","targetHints":{"allow":["GET"]}}],"collection":[{"href":"https:\/\/streetmissile.com\/en\/wp-json\/wp\/v2\/posts"}],"about":[{"href":"https:\/\/streetmissile.com\/en\/wp-json\/wp\/v2\/types\/post"}],"author":[{"embeddable":true,"href":"https:\/\/streetmissile.com\/en\/wp-json\/wp\/v2\/users\/1"}],"replies":[{"embeddable":true,"href":"https:\/\/streetmissile.com\/en\/wp-json\/wp\/v2\/comments?post=538"}],"version-history":[{"count":0,"href":"https:\/\/streetmissile.com\/en\/wp-json\/wp\/v2\/posts\/538\/revisions"}],"wp:featuredmedia":[{"embeddable":true,"href":"https:\/\/streetmissile.com\/en\/wp-json\/wp\/v2\/media\/539"}],"wp:attachment":[{"href":"https:\/\/streetmissile.com\/en\/wp-json\/wp\/v2\/media?parent=538"}],"wp:term":[{"taxonomy":"category","embeddable":true,"href":"https:\/\/streetmissile.com\/en\/wp-json\/wp\/v2\/categories?post=538"},{"taxonomy":"post_tag","embeddable":true,"href":"https:\/\/streetmissile.com\/en\/wp-json\/wp\/v2\/tags?post=538"}],"curies":[{"name":"wp","href":"https:\/\/api.w.org\/{rel}","templated":true}]}}